{"id":5716,"date":"2025-11-03T08:32:10","date_gmt":"2025-11-03T07:32:10","guid":{"rendered":"http:\/\/liege.aideetsoinsadomicile.be\/1er-novembre-un-parfum-de-reconnaissance-pour-nos-infirmi-ers-eres-a-domicile\/"},"modified":"2025-12-10T19:32:43","modified_gmt":"2025-12-10T18:32:43","slug":"1-november-een-blijk-van-waardering-voor-onze-thuisverpleegkundigen","status":"publish","type":"post","link":"https:\/\/liege.aideetsoinsadomicile.be\/nl\/1er-novembre-un-parfum-de-reconnaissance-pour-nos-infirmi-ers-eres-a-domicile\/","title":{"rendered":"1 november: een geur van dankbaarheid voor onze thuisverpleegkundigen"},"content":{"rendered":"<p>Sinds zaterdag 1 november is de wetgeving gewijzigd voor&nbsp;<strong>thuisverpleegkundigen<\/strong>. Voor een hele reeks behandelingen mogen ze voortaan geen&nbsp;<strong>medisch voorschrift<\/strong>&nbsp;zodat hun pati\u00ebnt wordt vergoed.<\/p>\n\n\n\n<p>Zoals onze directeur verpleegkunde, Edgard Peters, uitlegt:,&nbsp;<em>\u00abDe veranderingen zorgen voor echte erkenning van het werk en de autonomie van thuisverpleegkundigen.\u00bb<\/em>. Voor dezelfde zorg had een verpleegkundige in een ziekenhuis of rusthuis namelijk geen voorschrift nodig. Het gaat dus uiteindelijk om een&nbsp;<strong>uitlijning<\/strong>&nbsp;binnen het beroep zelf, maar die veel betekenis en erkenning voor ons beroep in de thuiszorg met zich meebrengt.<\/p>\n\n\n\n<div class=\"wp-block-media-text has-media-on-the-right is-stacked-on-mobile has-white-background-color has-background\" style=\"margin-top:30;margin-right:30;margin-bottom:30;margin-left:30;padding-top:0px;padding-right:0px;padding-bottom:0px;padding-left:0px\"><div class=\"wp-block-media-text__content\">\n<p><em>\u00abLaten we het voorbeeld nemen van een pati\u00ebnt die een tracheotomie heeft ondergaan en, wanneer dat nodig is, aspiratie van zijn luchtwegen nodig heeft. Voorheen moest een thuisverpleegkundige het voorschrift van de behandelende arts hebben om de behandeling uit te voeren. Vanaf zondag kan de verpleegkundige, als hij bij zijn pati\u00ebnt langskomt en deze moet worden afgezogen, direct en doeltreffend handelen om de pati\u00ebnt te verlichten.\u00bb<\/em> legt Edgard uit. <\/p>\n\n\n\n<p><\/p>\n<\/div><figure class=\"wp-block-media-text__media\"><img fetchpriority=\"high\" decoding=\"async\" width=\"940\" height=\"788\" src=\"https:\/\/federation.aideetsoinsadomicile.be\/wp-content\/uploads\/2025\/11\/citation_edgard-perters-1.jpg\" alt=\"citaat edgard perters (1)\" class=\"wp-image-5718 size-full\" \/><\/figure><\/div>\n\n\n\n<p>Maar laten we duidelijk zijn: dit is geenszins een maatregel die een breuk veroorzaakt tussen artsen en verpleegkundigen.&nbsp;<em>\u00abIntegendeel\u00bb<\/em>&nbsp;verzekert onze directeur ons.&nbsp;<em>\u00abDe samenwerking tussen verpleegkundigen en artsen is en blijft essentieel voor een optimale zorg voor de pati\u00ebnt.\u00bb<\/em>&nbsp;concludeert hij.<\/p>\n\n\n\n<p>De verschillende actoren uit de medische wereld en de thuiszorg vormen een team dat samenwerkt om elke pati\u00ebnt zo effici\u00ebnt en zorgzaam mogelijk te begeleiden. Deze nieuwe maatregelen zijn een extra stap voorwaarts om samen te bouwen aan welzijn thuis.<\/p>","protected":false},"excerpt":{"rendered":"<p>Depuis le samedi 1er novembre, la l\u00e9gislation a \u00e9volu\u00e9 pour les&nbsp;infirmiers et infirmi\u00e8res \u00e0 domicile. Pour toute une s\u00e9rie de soins, ils ne doivent d\u00e9sormais plus avoir de&nbsp;prescription m\u00e9dicale&nbsp;pour que leur patient soit rembours\u00e9. Comme nous l\u2019explique notre directeur des soins infirmiers, Edgard Peters,&nbsp;\u00ab&nbsp;les changements apportent une vraie reconnaissance du travail et de l\u2019autonomie de [&hellip;]<\/p>","protected":false},"author":2,"featured_media":5717,"comment_status":"closed","ping_status":"closed","sticky":false,"template":"","format":"standard","meta":{"_acf_changed":false,"_seopress_robots_primary_cat":"","_seopress_titles_title":"","_seopress_titles_desc":"","_seopress_robots_index":"","footnotes":""},"categories":[19],"tags":[],"class_list":["post-5716","post","type-post","status-publish","format-standard","has-post-thumbnail","hentry","category-actualites"],"acf":[],"_links":{"self":[{"href":"https:\/\/liege.aideetsoinsadomicile.be\/nl\/wp-json\/wp\/v2\/posts\/5716","targetHints":{"allow":["GET"]}}],"collection":[{"href":"https:\/\/liege.aideetsoinsadomicile.be\/nl\/wp-json\/wp\/v2\/posts"}],"about":[{"href":"https:\/\/liege.aideetsoinsadomicile.be\/nl\/wp-json\/wp\/v2\/types\/post"}],"author":[{"embeddable":true,"href":"https:\/\/liege.aideetsoinsadomicile.be\/nl\/wp-json\/wp\/v2\/users\/2"}],"replies":[{"embeddable":true,"href":"https:\/\/liege.aideetsoinsadomicile.be\/nl\/wp-json\/wp\/v2\/comments?post=5716"}],"version-history":[{"count":1,"href":"https:\/\/liege.aideetsoinsadomicile.be\/nl\/wp-json\/wp\/v2\/posts\/5716\/revisions"}],"predecessor-version":[{"id":5719,"href":"https:\/\/liege.aideetsoinsadomicile.be\/nl\/wp-json\/wp\/v2\/posts\/5716\/revisions\/5719"}],"wp:featuredmedia":[{"embeddable":true,"href":"https:\/\/liege.aideetsoinsadomicile.be\/nl\/wp-json\/wp\/v2\/media\/5717"}],"wp:attachment":[{"href":"https:\/\/liege.aideetsoinsadomicile.be\/nl\/wp-json\/wp\/v2\/media?parent=5716"}],"wp:term":[{"taxonomy":"category","embeddable":true,"href":"https:\/\/liege.aideetsoinsadomicile.be\/nl\/wp-json\/wp\/v2\/categories?post=5716"},{"taxonomy":"post_tag","embeddable":true,"href":"https:\/\/liege.aideetsoinsadomicile.be\/nl\/wp-json\/wp\/v2\/tags?post=5716"}],"curies":[{"name":"wp","href":"https:\/\/api.w.org\/{rel}","templated":true}]}}