{"id":5680,"date":"2025-12-04T11:15:41","date_gmt":"2025-12-04T10:15:41","guid":{"rendered":"http:\/\/liege.aideetsoinsadomicile.be\/nos-equipes-au-sommet-caruna\/"},"modified":"2025-12-10T19:29:39","modified_gmt":"2025-12-10T18:29:39","slug":"onze-teams-op-de-top-van-caruna","status":"publish","type":"post","link":"https:\/\/liege.aideetsoinsadomicile.be\/nl\/nos-equipes-au-sommet-caruna\/","title":{"rendered":"Onze teams op de top Caruna"},"content":{"rendered":"<p>Afgelopen zaterdag hebben leden van onze federatie in Tour &amp; Taxis in Brussel deelgenomen aan de Caruna-top, een belangrijk moment voor de toekomst van de gezondheidszorg.<\/p>\n\n\n\n<p><br>In kleine groepen herformuleerden en prioriteerden de ongeveer duizend deelnemers voorstellen die voortkwamen uit een brede openbare raadpleging. De dag eindigde met een gezamenlijke stemming om een gedeelde visie op de gezondheidszorg van morgen aan te nemen.<\/p>\n\n\n\n<p>Het doel is om te werken aan een samenleving waarin zorg een kernwaarde is die wordt beschermd en versterkt.<br><br>We zijn er trots op dat we deel uitmaken van deze dynamiek, die welzijn thuis centraal stelt in het debat en de oplossingen.<\/p>\n\n\n\n<figure class=\"wp-block-gallery has-nested-images columns-default is-cropped wp-block-gallery-1 is-layout-flex wp-block-gallery-is-layout-flex\">\n<figure class=\"wp-block-image size-large\"><img fetchpriority=\"high\" decoding=\"async\" width=\"1024\" height=\"752\" data-id=\"6165\" src=\"https:\/\/federation.aideetsoinsadomicile.be\/wp-content\/uploads\/2025\/12\/caruna3-1024x752.jpg\" alt=\"caruna3\" class=\"wp-image-5681\" srcset=\"https:\/\/liege.aideetsoinsadomicile.be\/wp-content\/uploads\/sites\/2\/2025\/12\/caruna3-1024x752.jpg 1024w, https:\/\/liege.aideetsoinsadomicile.be\/wp-content\/uploads\/sites\/2\/2025\/12\/caruna3-300x220.jpg 300w, https:\/\/liege.aideetsoinsadomicile.be\/wp-content\/uploads\/sites\/2\/2025\/12\/caruna3-768x564.jpg 768w, https:\/\/liege.aideetsoinsadomicile.be\/wp-content\/uploads\/sites\/2\/2025\/12\/caruna3-16x12.jpg 16w, https:\/\/liege.aideetsoinsadomicile.be\/wp-content\/uploads\/sites\/2\/2025\/12\/caruna3.jpg 1206w\" sizes=\"(max-width: 1024px) 100vw, 1024px\" \/><figcaption class=\"wp-element-caption\">caruna3<\/figcaption><\/figure>\n\n\n\n<figure class=\"wp-block-image size-large\"><img decoding=\"async\" width=\"768\" height=\"1024\" data-id=\"6164\" src=\"https:\/\/federation.aideetsoinsadomicile.be\/wp-content\/uploads\/2025\/12\/caruna2-768x1024.jpg\" alt=\"caruna2\" class=\"wp-image-5683\" srcset=\"https:\/\/liege.aideetsoinsadomicile.be\/wp-content\/uploads\/sites\/2\/2025\/12\/caruna2-768x1024.jpg 768w, https:\/\/liege.aideetsoinsadomicile.be\/wp-content\/uploads\/sites\/2\/2025\/12\/caruna2-225x300.jpg 225w, https:\/\/liege.aideetsoinsadomicile.be\/wp-content\/uploads\/sites\/2\/2025\/12\/caruna2-9x12.jpg 9w, https:\/\/liege.aideetsoinsadomicile.be\/wp-content\/uploads\/sites\/2\/2025\/12\/caruna2.jpg 1080w\" sizes=\"(max-width: 768px) 100vw, 768px\" \/><figcaption class=\"wp-element-caption\">caruna2<\/figcaption><\/figure>\n\n\n\n<figure class=\"wp-block-image size-large\"><img decoding=\"async\" width=\"771\" height=\"1024\" data-id=\"6163\" src=\"https:\/\/federation.aideetsoinsadomicile.be\/wp-content\/uploads\/2025\/12\/caruna-771x1024.jpg\" alt=\"caruna\" class=\"wp-image-5682\" srcset=\"https:\/\/liege.aideetsoinsadomicile.be\/wp-content\/uploads\/sites\/2\/2025\/12\/caruna-771x1024.jpg 771w, https:\/\/liege.aideetsoinsadomicile.be\/wp-content\/uploads\/sites\/2\/2025\/12\/caruna-226x300.jpg 226w, https:\/\/liege.aideetsoinsadomicile.be\/wp-content\/uploads\/sites\/2\/2025\/12\/caruna-768x1020.jpg 768w, https:\/\/liege.aideetsoinsadomicile.be\/wp-content\/uploads\/sites\/2\/2025\/12\/caruna-9x12.jpg 9w, https:\/\/liege.aideetsoinsadomicile.be\/wp-content\/uploads\/sites\/2\/2025\/12\/caruna.jpg 1084w\" sizes=\"(max-width: 771px) 100vw, 771px\" \/><figcaption class=\"wp-element-caption\">caruna<\/figcaption><\/figure>\n<\/figure>","protected":false},"excerpt":{"rendered":"<p>Ce samedi \u00e0 Tour &amp; Taxis, Bruxelles, des membres de notre F\u00e9d\u00e9ration ont particip\u00e9 au Sommet Caruna, un moment fort pour l\u2019avenir des soins. En petits groupes, le millier de participants pr\u00e9sent a reformul\u00e9 et prioris\u00e9 des propositions issues d\u2019une large consultation publique. La journ\u00e9e s\u2019est conclue par un vote collectif pour adopter une vision [&hellip;]<\/p>","protected":false},"author":2,"featured_media":5681,"comment_status":"closed","ping_status":"closed","sticky":false,"template":"","format":"standard","meta":{"_acf_changed":false,"_seopress_robots_primary_cat":"","_seopress_titles_title":"","_seopress_titles_desc":"","_seopress_robots_index":"","footnotes":""},"categories":[19],"tags":[],"class_list":["post-5680","post","type-post","status-publish","format-standard","has-post-thumbnail","hentry","category-actualites"],"acf":[],"_links":{"self":[{"href":"https:\/\/liege.aideetsoinsadomicile.be\/nl\/wp-json\/wp\/v2\/posts\/5680","targetHints":{"allow":["GET"]}}],"collection":[{"href":"https:\/\/liege.aideetsoinsadomicile.be\/nl\/wp-json\/wp\/v2\/posts"}],"about":[{"href":"https:\/\/liege.aideetsoinsadomicile.be\/nl\/wp-json\/wp\/v2\/types\/post"}],"author":[{"embeddable":true,"href":"https:\/\/liege.aideetsoinsadomicile.be\/nl\/wp-json\/wp\/v2\/users\/2"}],"replies":[{"embeddable":true,"href":"https:\/\/liege.aideetsoinsadomicile.be\/nl\/wp-json\/wp\/v2\/comments?post=5680"}],"version-history":[{"count":1,"href":"https:\/\/liege.aideetsoinsadomicile.be\/nl\/wp-json\/wp\/v2\/posts\/5680\/revisions"}],"predecessor-version":[{"id":5684,"href":"https:\/\/liege.aideetsoinsadomicile.be\/nl\/wp-json\/wp\/v2\/posts\/5680\/revisions\/5684"}],"wp:featuredmedia":[{"embeddable":true,"href":"https:\/\/liege.aideetsoinsadomicile.be\/nl\/wp-json\/wp\/v2\/media\/5681"}],"wp:attachment":[{"href":"https:\/\/liege.aideetsoinsadomicile.be\/nl\/wp-json\/wp\/v2\/media?parent=5680"}],"wp:term":[{"taxonomy":"category","embeddable":true,"href":"https:\/\/liege.aideetsoinsadomicile.be\/nl\/wp-json\/wp\/v2\/categories?post=5680"},{"taxonomy":"post_tag","embeddable":true,"href":"https:\/\/liege.aideetsoinsadomicile.be\/nl\/wp-json\/wp\/v2\/tags?post=5680"}],"curies":[{"name":"wp","href":"https:\/\/api.w.org\/{rel}","templated":true}]}}